{"id":51231,"date":"2021-06-28T10:30:29","date_gmt":"2021-06-28T08:30:29","guid":{"rendered":"https:\/\/techma.bakertilly.es\/?p=51231"},"modified":"2025-03-12T11:53:27","modified_gmt":"2025-03-12T10:53:27","slug":"aurica-invests-in-babel-as-a-minority-shareholder","status":"publish","type":"post","link":"https:\/\/techma.bakertilly.es\/en\/aurica-invierte-en-babel-de-forma-minoritaria\/","title":{"rendered":"Aurica invests in Babel as a minority shareholder"},"content":{"rendered":"<p>On 7 June 2021 Aurica invests in Babel on a minority basis. Aurica, a Spanish private equity firm, has chosen to buy a minority stake in Babel, a Spanish company specialising in the digitisation process of companies. The amount of the transaction has not been made public so far.<\/p>\n\n\n\n<p>As shown in the <a href=\"https:\/\/techma.bakertilly.es\/en\/reports\/information-technology-market-investment-report\/\" class=\"rank-math-link\">Investment Analysis of the IT sector<\/a> conducted by Baker Tilly analysts, the IT market is focused on business and technical expertise that enables organisations to create, manage and optimise or access information and business processes.<br><br><br><br><br><\/p>\n\n\n\n<h3 class=\"wp-block-heading\"><span class=\"ez-toc-section\" id=\"Aurica_gestora_de_capital_riesgo_espanola\"><\/span>Aurica: Spanish venture capital manager<span class=\"ez-toc-section-end\"><\/span><\/h3>\n\n\n\n<p><a href=\"https:\/\/www.auricacapital.com\/\" class=\"rank-math-link\" target=\"_blank\" rel=\"noopener\">Aurica Capital<\/a> is an independent asset manager based in Barcelona. Founded in 2015, it invests in the growth capital and mid-market segment, specifically in companies with a turnover between 20 and 350 million. What defines this investor is taking minority but significant stakes in companies with a clear vision of growth, such as Babel. <\/p>\n\n\n\n\n\n<p>The Aurica team currently manages 200 million between its fund III and some co-investments. This fund, in its final investment phase, is performing well and is targeting high returns. Through it, the fund manager has already made 7 investments.<br><br><br><\/p>\n\n\n\n<h3 class=\"wp-block-heading\"><span class=\"ez-toc-section\" id=\"Babel_una_de_las_principales_firmas_de_tecnologia_de_capital_nacional\"><\/span>Babel: a leading nationally-owned technology company<span class=\"ez-toc-section-end\"><\/span><\/h3>\n\n\n\n<p><a href=\"https:\/\/babel.es\/\" class=\"rank-math-link\" target=\"_blank\" rel=\"noopener\">Babel <\/a>has more than 1,400 employees and nine offices in Spain, Portugal, Morocco, Mexico and the United States.  Founded in 2003, Babel has experienced double-digit year-on-year organic growth.<\/p>\n\n\n\n<div class=\"wp-block-image\"><figure class=\"aligncenter is-resized\"><img decoding=\"async\" src=\"https:\/\/cdn.domestika.org\/c_fill,dpr_auto,f_auto,pg_1,t_base_params\/v1568290887\/job-covers\/000\/073\/694\/73694-original.png?1568290887\" alt=\"UX\/UI Designer - BABEL Information Systems - Madrid, Spain (12\/09\/19) | Domestika\" width=\"349\" height=\"225\" title=\"\"><\/figure><\/div>\n\n\n\n<p>In 2020 it achieved a turnover of 85 million euros after acquiring the professional services division in Spain of the German multinational Software AG in July of the same year. The objective of this integration was to place Babel among the top ten Spanish capital companies in the IT consultancy segment, reaching a turnover of more than 100 million euros in 2021 and adding more than 2,000 employees. <br><br><br><\/p>\n\n\n\n<h3 class=\"wp-block-heading\"><span class=\"ez-toc-section\" id=\"Aurica_entra_en_minoria_en_Babel\"><\/span><strong>Aurica enters minority in Babel<\/strong><span class=\"ez-toc-section-end\"><\/span><\/h3>\n\n\n\n<p>Aurica invests in Babel with a stake of around 30% of Babel's capital. The amount of the transaction does not exceed EUR 30 million. The purpose of the transaction is to <strong>garantizar a Babel los recursos necesarios para crecer por la v\u00eda de las <a href=\"https:\/\/techma.bakertilly.es\/en\/merger-and-acquisition-m-a\/\" target=\"_blank\">mergers and acquisitions<\/a>, diversificar negocio, potenciar su negocio en las plazas en las que est\u00e1 presente o abrir nuevas oficinas<\/strong>.<\/p>\n\n\n\n<p>The objective of this investment is to accelerate Babel's organic and inorganic growth. Babel has thus joined Aurica's portfolio.<\/p>\n\n\n\n<div class=\"wp-block-image\"><figure class=\"aligncenter is-resized\"><img decoding=\"async\" src=\"https:\/\/www.lavanguardia.com\/files\/image_449_220\/files\/fp\/uploads\/2021\/06\/07\/60bdd73714604.r_d.1322-968-1691.jpeg\" alt=\"Picture of the partners of both companies when Aurica invests in Babel as a minority shareholder.\" width=\"638\" height=\"313\" title=\"\"><figcaption>Source: <a href=\"https:\/\/www.lavanguardia.com\/economia\/20210607\/7510059\/aurica-entra-capital-consultora-babel.html\" class=\"rank-math-link\" target=\"_blank\" rel=\"noopener\">La Vanguardia<\/a><\/figcaption><\/figure><\/div>\n\n\n\n<h3 class=\"wp-block-heading\"><span class=\"ez-toc-section\" id=\"Operaciones_previas\"><\/span><br><strong>Previous operations<\/strong><span class=\"ez-toc-section-end\"><\/span><\/h3>\n\n\n\n<p>With regard to upstream activities, in 2020, and after receiving regulatory approvals from the Spanish Securities and Exchange Commission (CNMV) <strong>Aurica Capital spun off from Banco Sabadell<\/strong>. Aurica's management team took a majority stake in the fund manager's capital. Banco Sabadell currently holds a minority stake. This operation did not change its investment strategy or the structure of its funds.<\/p>\n\n\n\n<p>The entry of <strong>Aurica in Larrumba<\/strong> This is another operation carried out in 2018. This was an important boost for Larrumba, whose growth rate was complicated by the high rents of its premises.<\/p>\n\n\n\n<p>Aurica also took a 41.5% minority stake in the share capital of <strong>STI Norland<\/strong> through its Aurica III vehicle, endowed with around EUR 200 million.<\/p>\n\n\n\n<h4 class=\"wp-block-heading\"><span class=\"ez-toc-section\" id=\"Fuentes\"><\/span><br><br><br>Sources<span class=\"ez-toc-section-end\"><\/span><\/h4>\n\n\n\n<ul class=\"wp-block-list\"><li><a href=\"https:\/\/www.ttrecord.com\/en\/\" class=\"rank-math-link\" target=\"_blank\" rel=\"noopener\">TTR<\/a><\/li><li><a href=\"https:\/\/www.lavanguardia.com\/politica\/20210621\/7545096\/empiezan-protestas-liceu-acto-sanchez-sobre-indultos.html\" class=\"rank-math-link\" target=\"_blank\" rel=\"noopener\">La Vanguardia<\/a><\/li><li><a href=\"https:\/\/www.lavanguardia.com\/politica\/20210621\/7545096\/empiezan-protestas-liceu-acto-sanchez-sobre-indultos.html\" class=\"rank-math-link\" target=\"_blank\" rel=\"noopener\">El Pa\u00eds<\/a><\/li><li><a href=\"https:\/\/www.auricacapital.com\/\" class=\"rank-math-link\" target=\"_blank\" rel=\"noopener\">Aurica Capital<\/a><\/li><li><a href=\"https:\/\/www.elcomercio.es\/aviles\/informatica-espanola-babel-20200118014122-ntvo.html\" class=\"rank-math-link\" target=\"_blank\" rel=\"noopener\">El Comercio<\/a><\/li><\/ul>\n\n\n\n<p><\/p>","protected":false},"excerpt":{"rendered":"<p>El 7 de junio del 2021 Aurica invierte en Babel de forma minoritaria. Aurica, firma de private equity espa\u00f1ola, ha optado por comprar una participaci\u00f3n minoritaria en Babel, compa\u00f1\u00eda espa\u00f1ola especializada en el proceso de digitalizaci\u00f3n de empresas. En cuanto al importe de la transacci\u00f3n, no se ha hecho p\u00fablico hasta el momento. Como se [&hellip;]<\/p>\n","protected":false},"author":8,"featured_media":51238,"comment_status":"closed","ping_status":"closed","sticky":false,"template":"","format":"standard","meta":{"_acf_changed":false,"_et_pb_use_builder":"","_et_pb_old_content":"","_et_gb_content_width":"","footnotes":""},"categories":[1751],"tags":[1810,1809],"sectores":[2211],"tipo-contenido":[2260],"class_list":["post-51231","post","type-post","status-publish","format-standard","has-post-thumbnail","hentry","category-adquisiciones-mas-relevantes","tag-aurica-capital","tag-babel","sectores-digital-services","tipo-contenido-noticias"],"acf":[],"_links":{"self":[{"href":"https:\/\/techma.bakertilly.es\/en\/wp-json\/wp\/v2\/posts\/51231","targetHints":{"allow":["GET"]}}],"collection":[{"href":"https:\/\/techma.bakertilly.es\/en\/wp-json\/wp\/v2\/posts"}],"about":[{"href":"https:\/\/techma.bakertilly.es\/en\/wp-json\/wp\/v2\/types\/post"}],"author":[{"embeddable":true,"href":"https:\/\/techma.bakertilly.es\/en\/wp-json\/wp\/v2\/users\/8"}],"replies":[{"embeddable":true,"href":"https:\/\/techma.bakertilly.es\/en\/wp-json\/wp\/v2\/comments?post=51231"}],"version-history":[{"count":0,"href":"https:\/\/techma.bakertilly.es\/en\/wp-json\/wp\/v2\/posts\/51231\/revisions"}],"wp:featuredmedia":[{"embeddable":true,"href":"https:\/\/techma.bakertilly.es\/en\/wp-json\/wp\/v2\/media\/51238"}],"wp:attachment":[{"href":"https:\/\/techma.bakertilly.es\/en\/wp-json\/wp\/v2\/media?parent=51231"}],"wp:term":[{"taxonomy":"category","embeddable":true,"href":"https:\/\/techma.bakertilly.es\/en\/wp-json\/wp\/v2\/categories?post=51231"},{"taxonomy":"post_tag","embeddable":true,"href":"https:\/\/techma.bakertilly.es\/en\/wp-json\/wp\/v2\/tags?post=51231"},{"taxonomy":"sectores","embeddable":true,"href":"https:\/\/techma.bakertilly.es\/en\/wp-json\/wp\/v2\/sectores?post=51231"},{"taxonomy":"tipo-contenido","embeddable":true,"href":"https:\/\/techma.bakertilly.es\/en\/wp-json\/wp\/v2\/tipo-contenido?post=51231"}],"curies":[{"name":"wp","href":"https:\/\/api.w.org\/{rel}","templated":true}]}}