{"id":42224,"date":"2014-02-05T00:00:00","date_gmt":"2014-02-04T23:00:00","guid":{"rendered":"https:\/\/techma.bakertilly.es\/lleida-andalucia-castilla-crecen-los-fondos-locales-de-empresarios\/"},"modified":"2025-03-12T11:25:05","modified_gmt":"2025-03-12T10:25:05","slug":"lleida-andalucia-castilla-crecen-los-fondos-locales-de-empresarios","status":"publish","type":"post","link":"https:\/\/techma.bakertilly.es\/en\/lleida-andalucia-castilla-crecen-los-fondos-locales-de-empresarios\/","title":{"rendered":"Lleida, Andalusia and Castile: growth in local entrepreneur funds"},"content":{"rendered":"<address><span style=\"color: #000000;\">Faced with the lack of bank credit, the entrepreneurs themselves and their associations are promoting new funds to circulate the existing liquidity among the entrepreneurs themselves. Lleida, Andalusia and Castile are examples of this.<\/span><\/address>\n<p><!--more--><\/p>\n<p>&nbsp;<\/p>\n<p><span style=\"color: #3366ff;\"><strong>Globalleida: entrepreneurs with Lleida origins<\/strong><\/span><\/p>\n<p><span style=\"color: #000000;\"><span style=\"text-decoration: underline;\"><a href=\"http:\/\/www.globalleida.org\/\" data-cke-saved-href=\"http:\/\/www.globalleida.org\/\" data-cke-saved- target=\"_blank\" rel=\"noopener\"><span style=\"color: #000000; text-decoration: underline;\">GlobaLleida<\/span><\/a><\/span>\u00a0is an inter-institutional consortium in the province of Lleida that presented last week (28\/01\/2014) a fund of <strong>private equity<\/strong> for <strong>invest<\/strong> in companies and entrepreneurs who carry out their professional activity in the counties of Lleida.<\/span><\/p>\n<p><span style=\"color: #000000;\">The aim of the presentation, which took place in the\u00a0<span style=\"text-decoration: underline;\"><a href=\"http:\/\/www.hotelmajestic.es\/es\/\" data-cke-saved-href=\"http:\/\/www.hotelmajestic.es\/es\/\" data-cke-saved- target=\"_blank\" rel=\"noopener\"><span style=\"color: #000000; text-decoration: underline;\">Hotel Majestic<\/span><\/a><\/span>\u00a0of Barcelona, was to solicit participation in the fund from 20 entrepreneurs who have a personal or family link to Lleida but live in Barcelona. Among those invited to the event were representatives of companies such as\u00a0<span style=\"text-decoration: underline;\"><span style=\"color: #000000; text-decoration: underline;\">Natural Gas<\/span><\/span>,\u00a0<span style=\"text-decoration: underline;\"><span class=\"removed_link\" title=\"http:\/\/www.comsaemte.com\/wps\/portal\/ComsaEmteWP\"><span style=\"color: #000000; text-decoration: underline;\">Comsa Emte<\/span><\/span><\/span>,\u00a0<span style=\"text-decoration: underline;\"><a href=\"http:\/\/www.mediapro.es\/esp\/index.php\" data-cke-saved-href=\"http:\/\/www.mediapro.es\/esp\/index.php\" data-cke-saved- target=\"_blank\" rel=\"noopener\"><span style=\"color: #000000; text-decoration: underline;\">Mediapro,<\/span><\/a><\/span>\u00a0<span style=\"text-decoration: underline;\"><span class=\"removed_link\" title=\"http:\/\/www.panrico.com\/esp\/home.html\"><span style=\"color: #000000; text-decoration: underline;\">Panrico<\/span><\/span><\/span>,\u00a0<span style=\"text-decoration: underline;\"><a href=\"http:\/\/www.resa.es\/\" data-cke-saved-href=\"http:\/\/www.resa.es\/\" data-cke-saved- target=\"_blank\" rel=\"noopener\"><span style=\"color: #000000; text-decoration: underline;\">Resa,<\/span><\/a><\/span>\u00a0<span style=\"text-decoration: underline;\"><a href=\"http:\/\/www.harley-davidson.com\/es_ES\/Content\/Pages\/home.html\" data-cke-saved-href=\"http:\/\/www.harley-davidson.com\/es_ES\/Content\/Pages\/home.html\" data-cke-saved- target=\"_blank\" rel=\"noopener\"><span style=\"color: #000000; text-decoration: underline;\">Harley Davidson<\/span><\/a><\/span>\u00a0and\u00a0<span style=\"text-decoration: underline;\"><a href=\"http:\/\/www.fcbarcelona.es\/\" data-cke-saved-href=\"http:\/\/www.fcbarcelona.es\/\" data-cke-saved- target=\"_blank\" rel=\"noopener\"><span style=\"color: #000000; text-decoration: underline;\">FC Barcelona<\/span><\/a><\/span>among others, and institutions such as the\u00a0<span style=\"text-decoration: underline;\"><span style=\"color: #000000; text-decoration: underline;\">Economy Circle<\/span><\/span>,<span style=\"text-decoration: underline;\"><span class=\"removed_link\" title=\"http:\/\/www.foment.com\/default.aspx\"><span style=\"color: #000000; text-decoration: underline;\">\u00a0Labour Promotion\u00a0<\/span><\/span><\/span>and\u00a0<span style=\"text-decoration: underline;\"><span style=\"color: #000000; text-decoration: underline;\">Pimec.<\/span><\/span><\/span><\/p>\n<p><span style=\"color: #000000;\">Between \u20ac1M and \u20ac1.5M is what its promoters, represented by the president of the Ros Roca group, Ramon Roca, the president of the Diputaci\u00f3 de Lleida, Joan Re\u00f1\u00e9, and the mayor of the capital of the Ponent, \u00c0ngel Ros, expect to get for this fund. The intention is to promote companies in the technology, phytosanitary and agricultural industry sectors. The president of\u00a0<span style=\"text-decoration: underline;\"><a href=\"http:\/\/www.repsol.com\/\" target=\"_blank\" rel=\"noopener\"><span style=\"color: #000000; text-decoration: underline;\">Repsol<\/span><\/a><\/span>\u00a0and<span style=\"text-decoration: underline;\"><a href=\"http:\/\/www.globalleida.org\/\" data-cke-saved-href=\"http:\/\/www.globalleida.org\/\" data-cke-saved- target=\"_blank\" rel=\"noopener\"><span style=\"color: #000000; text-decoration: underline;\">\u00a0GlobaLleida<\/span><\/a><\/span>, Antonio Brufau -natural de Mollerussa (Pla d&#8217;Urgell)- pronunci\u00f3 el discurso inicial del acto.<\/span><\/p>\n<p><span style=\"color: #3366ff;\"><strong>Al Andalus: Andalusian businessmen investing in Andalusia<\/strong><\/span><\/p>\n<p><span style=\"color: #000000;\">Andalusian entrepreneurs investing in Andalusia. This is the philosophy of Al Andalus Capital, a new venture capital fund.<strong> private equity<\/strong> managed by<span style=\"text-decoration: underline;\"><a href=\"http:\/\/www.altacapital.com\/\" data-cke-saved-href=\"http:\/\/www.altacapital.com\/\" data-cke-saved- target=\"_blank\" rel=\"noopener\"><span style=\"color: #000000; text-decoration: underline;\">\u00a0High Capital\u00a0<\/span><\/a><\/span>y que cuenta con una dotaci\u00f3n inicial de \u20ac10,5M. &#8216;Los part\u00edcipes del fondo somos empresarios y directivos de Andaluc\u00eda que creen en las posibilidades de las compa\u00f1\u00edas de aqu\u00ed&#8217;, se\u00f1ala Mariano Mu\u00f1oz, socio director de la consultora\u00a0<span style=\"text-decoration: underline;\"><a href=\"http:\/\/www.mondragon.edu\/eu\/enpresagintza\" data-cke-saved-href=\"http:\/\/www.mondragon.edu\/eu\/enpresagintza\" data-cke-saved- target=\"_blank\" rel=\"noopener\"><span style=\"color: #000000; text-decoration: underline;\">ETEO\u00a0<\/span><\/a><\/span>and representative of the four investors in Al Andalus.<\/span><br \/>\n<span style=\"color: #000000;\">Principalmente buscan compa\u00f1\u00edas con capacidad de exportaci\u00f3n, firmas que tienen problemas de sucesi\u00f3n empresarial o con un problema puntual de circulante. Adem\u00e1s Al Andalus busca pymes andaluzas, con planes s\u00f3lidos de crecimiento, un buen equipo de gesti\u00f3n y la compa\u00f1\u00eda debe estar consolidada porque no entramos en etapas iniciales. Al Andalus no es capital semilla, ni hace refinanciaciones&#8217;. Eso s\u00ed, se descartan los sectores inmobiliario y financiero porque la normativa legal lo impide.<\/span><\/p>\n<p><span style=\"color: #3366ff;\"><strong>Castilla Le\u00f3n: a partnership of investors with local links<\/strong><\/span><\/p>\n<p><span style=\"color: #000000;\">The association of <strong>investment<\/strong> private sector promoted by entrepreneurs\u00a0<span style=\"text-decoration: underline;\"><a href=\"http:\/\/www.alentiaalternativa.es\/capital\/\" data-cke-saved-href=\"http:\/\/www.alentiaalternativa.es\/capital\/\" data-cke-saved- target=\"_blank\" rel=\"noopener\"><span style=\"color: #000000; text-decoration: underline;\">Alentia Alternative Capital\u00a0<\/span><\/a><\/span>started in October 2013 with 71 founding partners from Castilla y Le\u00f3n, Asturias, Galicia, Catalonia and Madrid, with an investment capacity of \u20ac7M. Alentia is not a venture capital company, so there is no fund to manage. The partners will provide the funds at the time when, once the investment operations have been analysed and presented, they decide individually and freely whether or not to participate in the project.<strong> investment.<\/strong><\/span><\/p>","protected":false},"excerpt":{"rendered":"<p>Faced with the lack of bank credit, the entrepreneurs themselves and their associations are promoting new funds to circulate the existing liquidity among the entrepreneurs themselves. Lleida, Andalusia and Castile are examples of this.<\/p>","protected":false},"author":4,"featured_media":0,"comment_status":"closed","ping_status":"closed","sticky":false,"template":"","format":"standard","meta":{"_acf_changed":false,"_et_pb_use_builder":"","_et_pb_old_content":"","_et_gb_content_width":"","footnotes":""},"categories":[2277],"tags":[161,209],"sectores":[],"tipo-contenido":[2260],"class_list":["post-42224","post","type-post","status-publish","format-standard","hentry","category-multiplos-de-empresas-cotizadas","tag-financiacion","tag-inversion","tipo-contenido-noticias"],"acf":[],"_links":{"self":[{"href":"https:\/\/techma.bakertilly.es\/en\/wp-json\/wp\/v2\/posts\/42224","targetHints":{"allow":["GET"]}}],"collection":[{"href":"https:\/\/techma.bakertilly.es\/en\/wp-json\/wp\/v2\/posts"}],"about":[{"href":"https:\/\/techma.bakertilly.es\/en\/wp-json\/wp\/v2\/types\/post"}],"author":[{"embeddable":true,"href":"https:\/\/techma.bakertilly.es\/en\/wp-json\/wp\/v2\/users\/4"}],"replies":[{"embeddable":true,"href":"https:\/\/techma.bakertilly.es\/en\/wp-json\/wp\/v2\/comments?post=42224"}],"version-history":[{"count":0,"href":"https:\/\/techma.bakertilly.es\/en\/wp-json\/wp\/v2\/posts\/42224\/revisions"}],"wp:attachment":[{"href":"https:\/\/techma.bakertilly.es\/en\/wp-json\/wp\/v2\/media?parent=42224"}],"wp:term":[{"taxonomy":"category","embeddable":true,"href":"https:\/\/techma.bakertilly.es\/en\/wp-json\/wp\/v2\/categories?post=42224"},{"taxonomy":"post_tag","embeddable":true,"href":"https:\/\/techma.bakertilly.es\/en\/wp-json\/wp\/v2\/tags?post=42224"},{"taxonomy":"sectores","embeddable":true,"href":"https:\/\/techma.bakertilly.es\/en\/wp-json\/wp\/v2\/sectores?post=42224"},{"taxonomy":"tipo-contenido","embeddable":true,"href":"https:\/\/techma.bakertilly.es\/en\/wp-json\/wp\/v2\/tipo-contenido?post=42224"}],"curies":[{"name":"wp","href":"https:\/\/api.w.org\/{rel}","templated":true}]}}